{"id":3704,"date":"2019-12-20T09:26:23","date_gmt":"2019-12-20T09:26:23","guid":{"rendered":"https:\/\/menorcapreservationfund.org\/?p=3704"},"modified":"2020-05-20T09:45:04","modified_gmt":"2020-05-20T08:45:04","slug":"menorca-on-a-plate","status":"publish","type":"post","link":"https:\/\/menorcapreservation.org\/es\/menorca-on-a-plate\/","title":{"rendered":"Menorca en un plato"},"content":{"rendered":"","protected":false},"excerpt":{"rendered":"","protected":false},"author":3,"featured_media":0,"comment_status":"open","ping_status":"open","sticky":false,"template":"","format":"standard","meta":{"_acf_changed":false,"give_campaign_id":0,"footnotes":""},"categories":[1],"tags":[],"class_list":["post-3704","post","type-post","status-publish","format-standard","hentry","category-in-the-news"],"acf":[],"yoast_head":"<!-- This site is optimized with the Yoast SEO plugin v27.5 - https:\/\/yoast.com\/product\/yoast-seo-wordpress\/ -->\n<title>Menorca on a plate | Menorca Preservation<\/title>\n<meta name=\"description\" content=\"Long-known for its rich pickings of cheese, wines and meats, recent reports show that only a small percentage of local produce is actually consumed by people on the island. The Menorca Preservation Fund explains how we can boost local produce and reduce our carbon footprint at the same time.\" \/>\n<meta name=\"robots\" content=\"index, follow, max-snippet:-1, max-image-preview:large, max-video-preview:-1\" \/>\n<link rel=\"canonical\" href=\"https:\/\/menorcapreservation.org\/es\/menorca-on-a-plate\/\" \/>\n<meta property=\"og:locale\" content=\"es_ES\" \/>\n<meta property=\"og:type\" content=\"article\" \/>\n<meta property=\"og:title\" content=\"Menorca on a plate | Menorca Preservation\" \/>\n<meta property=\"og:description\" content=\"Long-known for its rich pickings of cheese, wines and meats, recent reports show that only a small percentage of local produce is actually consumed by people on the island. The Menorca Preservation Fund explains how we can boost local produce and reduce our carbon footprint at the same time.\" \/>\n<meta property=\"og:url\" content=\"https:\/\/menorcapreservation.org\/es\/menorca-on-a-plate\/\" \/>\n<meta property=\"og:site_name\" content=\"Menorca Preservation\" \/>\n<meta property=\"article:published_time\" content=\"2019-12-20T09:26:23+00:00\" \/>\n<meta property=\"article:modified_time\" content=\"2020-05-20T08:45:04+00:00\" \/>\n<meta property=\"og:image\" content=\"https:\/\/menorcapreservation.org\/wp-content\/uploads\/2024\/07\/portada-home-1.png\" \/>\n\t<meta property=\"og:image:width\" content=\"600\" \/>\n\t<meta property=\"og:image:height\" content=\"300\" \/>\n\t<meta property=\"og:image:type\" content=\"image\/png\" \/>\n<meta name=\"author\" content=\"Rebecca Morris\" \/>\n<meta name=\"twitter:card\" content=\"summary_large_image\" \/>\n<meta name=\"twitter:label1\" content=\"Escrito por\" \/>\n\t<meta name=\"twitter:data1\" content=\"Rebecca Morris\" \/>\n<!-- \/ Yoast SEO plugin. -->","yoast_head_json":{"title":"Menorca on a plate | Menorca Preservation","description":"Conocidos por sus ricas cosechas de queso, vinos y carnes, los informes recientes muestran que solo un peque\u00f1o porcentaje de los productos locales es consumido por la gente de la isla. El Fondo de Preservaci\u00f3n de Menorca explica c\u00f3mo podemos impulsar los productos locales y reducir nuestra huella de carbono al mismo tiempo.","robots":{"index":"index","follow":"follow","max-snippet":"max-snippet:-1","max-image-preview":"max-image-preview:large","max-video-preview":"max-video-preview:-1"},"canonical":"https:\/\/menorcapreservation.org\/es\/menorca-on-a-plate\/","og_locale":"es_ES","og_type":"article","og_title":"Menorca on a plate | Menorca Preservation","og_description":"Long-known for its rich pickings of cheese, wines and meats, recent reports show that only a small percentage of local produce is actually consumed by people on the island. The Menorca Preservation Fund explains how we can boost local produce and reduce our carbon footprint at the same time.","og_url":"https:\/\/menorcapreservation.org\/es\/menorca-on-a-plate\/","og_site_name":"Menorca Preservation","article_published_time":"2019-12-20T09:26:23+00:00","article_modified_time":"2020-05-20T08:45:04+00:00","og_image":[{"width":600,"height":300,"url":"https:\/\/menorcapreservation.org\/wp-content\/uploads\/2024\/07\/portada-home-1.png","type":"image\/png"}],"author":"Rebecca Morris","twitter_card":"summary_large_image","twitter_misc":{"Escrito por":"Rebecca Morris"},"schema":{"@context":"https:\/\/schema.org","@graph":[{"@type":"Article","@id":"https:\/\/menorcapreservation.org\/menorca-on-a-plate\/#article","isPartOf":{"@id":"https:\/\/menorcapreservation.org\/menorca-on-a-plate\/"},"author":{"name":"Rebecca Morris","@id":"https:\/\/menorcapreservation.org\/#\/schema\/person\/2ceced05d31b2dc3bf91730bf30b7ed0"},"headline":"Menorca on a plate","datePublished":"2019-12-20T09:26:23+00:00","dateModified":"2020-05-20T08:45:04+00:00","mainEntityOfPage":{"@id":"https:\/\/menorcapreservation.org\/menorca-on-a-plate\/"},"wordCount":4,"commentCount":0,"publisher":{"@id":"https:\/\/menorcapreservation.org\/#organization"},"articleSection":["In the news"],"inLanguage":"es"},{"@type":"WebPage","@id":"https:\/\/menorcapreservation.org\/menorca-on-a-plate\/","url":"https:\/\/menorcapreservation.org\/menorca-on-a-plate\/","name":"Menorca on a plate | Menorca Preservation","isPartOf":{"@id":"https:\/\/menorcapreservation.org\/#website"},"datePublished":"2019-12-20T09:26:23+00:00","dateModified":"2020-05-20T08:45:04+00:00","description":"Conocidos por sus ricas cosechas de queso, vinos y carnes, los informes recientes muestran que solo un peque\u00f1o porcentaje de los productos locales es consumido por la gente de la isla. El Fondo de Preservaci\u00f3n de Menorca explica c\u00f3mo podemos impulsar los productos locales y reducir nuestra huella de carbono al mismo tiempo.","breadcrumb":{"@id":"https:\/\/menorcapreservation.org\/menorca-on-a-plate\/#breadcrumb"},"inLanguage":"es","potentialAction":[{"@type":"ReadAction","target":["https:\/\/menorcapreservation.org\/menorca-on-a-plate\/"]}]},{"@type":"BreadcrumbList","@id":"https:\/\/menorcapreservation.org\/menorca-on-a-plate\/#breadcrumb","itemListElement":[{"@type":"ListItem","position":1,"name":"Home","item":"https:\/\/menorcapreservation.org\/"},{"@type":"ListItem","position":2,"name":"Menorca on a plate"}]},{"@type":"WebSite","@id":"https:\/\/menorcapreservation.org\/#website","url":"https:\/\/menorcapreservation.org\/","name":"Menorca Preservation","description":"Colaborando juntos de manera hol\u00edstica hacia un futuro m\u00e1s sostenible.","publisher":{"@id":"https:\/\/menorcapreservation.org\/#organization"},"alternateName":"MeP","potentialAction":[{"@type":"SearchAction","target":{"@type":"EntryPoint","urlTemplate":"https:\/\/menorcapreservation.org\/?s={search_term_string}"},"query-input":{"@type":"PropertyValueSpecification","valueRequired":true,"valueName":"search_term_string"}}],"inLanguage":"es"},{"@type":"Organization","@id":"https:\/\/menorcapreservation.org\/#organization","name":"Menorca Preservation","alternateName":"MeP","url":"https:\/\/menorcapreservation.org\/","logo":{"@type":"ImageObject","inLanguage":"es","@id":"https:\/\/menorcapreservation.org\/#\/schema\/logo\/image\/","url":"https:\/\/menorcapreservation.org\/wp-content\/uploads\/2024\/07\/portada-home-1.png","contentUrl":"https:\/\/menorcapreservation.org\/wp-content\/uploads\/2024\/07\/portada-home-1.png","width":600,"height":300,"caption":"Menorca Preservation"},"image":{"@id":"https:\/\/menorcapreservation.org\/#\/schema\/logo\/image\/"}},{"@type":"Person","@id":"https:\/\/menorcapreservation.org\/#\/schema\/person\/2ceced05d31b2dc3bf91730bf30b7ed0","name":"Rebecca Morris","image":{"@type":"ImageObject","inLanguage":"es","@id":"https:\/\/secure.gravatar.com\/avatar\/d73483dcbf2e7f50d7f4dfe9e4eb7d748302ee87f2ace3ab4fecb3abf5bb7961?s=96&d=mm&r=g","url":"https:\/\/secure.gravatar.com\/avatar\/d73483dcbf2e7f50d7f4dfe9e4eb7d748302ee87f2ace3ab4fecb3abf5bb7961?s=96&d=mm&r=g","contentUrl":"https:\/\/secure.gravatar.com\/avatar\/d73483dcbf2e7f50d7f4dfe9e4eb7d748302ee87f2ace3ab4fecb3abf5bb7961?s=96&d=mm&r=g","caption":"Rebecca Morris"},"url":"https:\/\/menorcapreservation.org\/es\/author\/rebecca-morris\/"}]}},"_links":{"self":[{"href":"https:\/\/menorcapreservation.org\/es\/wp-json\/wp\/v2\/posts\/3704","targetHints":{"allow":["GET"]}}],"collection":[{"href":"https:\/\/menorcapreservation.org\/es\/wp-json\/wp\/v2\/posts"}],"about":[{"href":"https:\/\/menorcapreservation.org\/es\/wp-json\/wp\/v2\/types\/post"}],"author":[{"embeddable":true,"href":"https:\/\/menorcapreservation.org\/es\/wp-json\/wp\/v2\/users\/3"}],"replies":[{"embeddable":true,"href":"https:\/\/menorcapreservation.org\/es\/wp-json\/wp\/v2\/comments?post=3704"}],"version-history":[{"count":6,"href":"https:\/\/menorcapreservation.org\/es\/wp-json\/wp\/v2\/posts\/3704\/revisions"}],"predecessor-version":[{"id":3715,"href":"https:\/\/menorcapreservation.org\/es\/wp-json\/wp\/v2\/posts\/3704\/revisions\/3715"}],"wp:attachment":[{"href":"https:\/\/menorcapreservation.org\/es\/wp-json\/wp\/v2\/media?parent=3704"}],"wp:term":[{"taxonomy":"category","embeddable":true,"href":"https:\/\/menorcapreservation.org\/es\/wp-json\/wp\/v2\/categories?post=3704"},{"taxonomy":"post_tag","embeddable":true,"href":"https:\/\/menorcapreservation.org\/es\/wp-json\/wp\/v2\/tags?post=3704"}],"curies":[{"name":"wp","href":"https:\/\/api.w.org\/{rel}","templated":true}]}}